{"id":775,"date":"2021-06-16T11:03:53","date_gmt":"2021-06-16T09:03:53","guid":{"rendered":"https:\/\/soureaumontsaintblaise.fr\/?p=775"},"modified":"2021-06-23T10:39:26","modified_gmt":"2021-06-23T08:39:26","slug":"__trashed","status":"publish","type":"post","link":"https:\/\/soureaumontsaintblaise.fr\/?p=775","title":{"rendered":"Tous en f\u00eate \u00e0 Saint Blaise"},"content":{"rendered":"\n<p>Le Sou des \u00e9coles et la Mairie de Saint Blaise du Buis vous invite \u00e0 venir \u00ab\u00a0Tous en f\u00eate\u00a0\u00bb <\/p>\n\n\n\n<p>le <strong>Samedi 3 Juillet<\/strong> \u00e0 la <strong>Halle du Buis<\/strong><\/p>\n\n\n\n<p>Pr\u00e9-vente restauration :&nbsp;<a href=\"https:\/\/www.helloasso.com\/associations\/sou-des-ecoles-saint-blaise-reaumont\/evenements\/kermesse-des-ecoles\">HelloAsso-Kermesse<\/a><\/p>\n\n\n\n<figure class=\"wp-block-image size-large\"><img loading=\"lazy\" decoding=\"async\" width=\"739\" height=\"1024\" src=\"https:\/\/soureaumontsaintblaise.fr\/wp-content\/uploads\/2021\/06\/command-eflyer-recto-739x1024.jpg\" alt=\"\" class=\"wp-image-778\" srcset=\"https:\/\/soureaumontsaintblaise.fr\/wp-content\/uploads\/2021\/06\/command-eflyer-recto-739x1024.jpg 739w, https:\/\/soureaumontsaintblaise.fr\/wp-content\/uploads\/2021\/06\/command-eflyer-recto-217x300.jpg 217w, https:\/\/soureaumontsaintblaise.fr\/wp-content\/uploads\/2021\/06\/command-eflyer-recto-768x1064.jpg 768w, https:\/\/soureaumontsaintblaise.fr\/wp-content\/uploads\/2021\/06\/command-eflyer-recto-1109x1536.jpg 1109w, https:\/\/soureaumontsaintblaise.fr\/wp-content\/uploads\/2021\/06\/command-eflyer-recto-1479x2048.jpg 1479w, https:\/\/soureaumontsaintblaise.fr\/wp-content\/uploads\/2021\/06\/command-eflyer-recto.jpg 1842w\" sizes=\"auto, (max-width: 739px) 100vw, 739px\" \/><\/figure>\n\n\n\n<figure class=\"wp-block-image size-large\"><img loading=\"lazy\" decoding=\"async\" width=\"739\" height=\"1024\" src=\"https:\/\/soureaumontsaintblaise.fr\/wp-content\/uploads\/2021\/06\/command-eflyer-verso-1-739x1024.jpg\" alt=\"\" class=\"wp-image-779\" srcset=\"https:\/\/soureaumontsaintblaise.fr\/wp-content\/uploads\/2021\/06\/command-eflyer-verso-1-739x1024.jpg 739w, https:\/\/soureaumontsaintblaise.fr\/wp-content\/uploads\/2021\/06\/command-eflyer-verso-1-217x300.jpg 217w, https:\/\/soureaumontsaintblaise.fr\/wp-content\/uploads\/2021\/06\/command-eflyer-verso-1-768x1064.jpg 768w, https:\/\/soureaumontsaintblaise.fr\/wp-content\/uploads\/2021\/06\/command-eflyer-verso-1-1109x1536.jpg 1109w, https:\/\/soureaumontsaintblaise.fr\/wp-content\/uploads\/2021\/06\/command-eflyer-verso-1-1479x2048.jpg 1479w, https:\/\/soureaumontsaintblaise.fr\/wp-content\/uploads\/2021\/06\/command-eflyer-verso-1.jpg 1842w\" sizes=\"auto, (max-width: 739px) 100vw, 739px\" \/><\/figure>\n\n\n\n<p>Pr\u00e9-vente restauration : <a href=\"https:\/\/www.helloasso.com\/associations\/sou-des-ecoles-saint-blaise-reaumont\/evenements\/kermesse-des-ecoles\">HelloAsso-Kermesse<\/a><\/p>\n\n\n\n<p><\/p>\n","protected":false},"excerpt":{"rendered":"<p>Le Sou des \u00e9coles et la Mairie de Saint Blaise du Buis vous invite \u00e0 venir \u00ab\u00a0Tous en f\u00eate\u00a0\u00bb le Samedi 3 Juillet \u00e0 la Halle du Buis Pr\u00e9-vente restauration :&nbsp;HelloAsso-Kermesse Pr\u00e9-vente restauration : HelloAsso-Kermesse<\/p>\n","protected":false},"author":1,"featured_media":0,"comment_status":"closed","ping_status":"","sticky":false,"template":"","format":"standard","meta":{"material-hide-sections":[],"footnotes":""},"categories":[1],"tags":[],"class_list":["post-775","post","type-post","status-publish","format-standard","hentry","category-non-classe"],"_links":{"self":[{"href":"https:\/\/soureaumontsaintblaise.fr\/index.php?rest_route=\/wp\/v2\/posts\/775","targetHints":{"allow":["GET"]}}],"collection":[{"href":"https:\/\/soureaumontsaintblaise.fr\/index.php?rest_route=\/wp\/v2\/posts"}],"about":[{"href":"https:\/\/soureaumontsaintblaise.fr\/index.php?rest_route=\/wp\/v2\/types\/post"}],"author":[{"embeddable":true,"href":"https:\/\/soureaumontsaintblaise.fr\/index.php?rest_route=\/wp\/v2\/users\/1"}],"replies":[{"embeddable":true,"href":"https:\/\/soureaumontsaintblaise.fr\/index.php?rest_route=%2Fwp%2Fv2%2Fcomments&post=775"}],"version-history":[{"count":8,"href":"https:\/\/soureaumontsaintblaise.fr\/index.php?rest_route=\/wp\/v2\/posts\/775\/revisions"}],"predecessor-version":[{"id":791,"href":"https:\/\/soureaumontsaintblaise.fr\/index.php?rest_route=\/wp\/v2\/posts\/775\/revisions\/791"}],"wp:attachment":[{"href":"https:\/\/soureaumontsaintblaise.fr\/index.php?rest_route=%2Fwp%2Fv2%2Fmedia&parent=775"}],"wp:term":[{"taxonomy":"category","embeddable":true,"href":"https:\/\/soureaumontsaintblaise.fr\/index.php?rest_route=%2Fwp%2Fv2%2Fcategories&post=775"},{"taxonomy":"post_tag","embeddable":true,"href":"https:\/\/soureaumontsaintblaise.fr\/index.php?rest_route=%2Fwp%2Fv2%2Ftags&post=775"}],"curies":[{"name":"wp","href":"https:\/\/api.w.org\/{rel}","templated":true}]}}