{"id":1155,"date":"2024-06-04T22:07:50","date_gmt":"2024-06-04T20:07:50","guid":{"rendered":"https:\/\/soureaumontsaintblaise.fr\/?p=1155"},"modified":"2024-06-04T22:07:50","modified_gmt":"2024-06-04T20:07:50","slug":"kermesse-2024","status":"publish","type":"post","link":"https:\/\/soureaumontsaintblaise.fr\/?p=1155","title":{"rendered":"Kermesse 2024"},"content":{"rendered":"\n<p class=\"has-text-align-center\">C&rsquo;est le<strong> samedi 22 juin<\/strong> que nous nous retrouverons pour passer ensemble une journ\u00e9e festive pour cl\u00f4turer  l&rsquo;ann\u00e9e scolaire.<\/p>\n\n\n\n<p class=\"has-text-align-center\">Nous pourrons profiter du spectacle de nos enfants <strong>d\u00e8s 10h30 \u00e0 la Halle du buis<\/strong>.<\/p>\n\n\n\n<p class=\"has-text-align-center\">Des menus adultes et des menus enfants sont pr\u00e9vus \u00e0 la vente (<a href=\"https:\/\/www.helloasso.com\/associations\/sou-des-ecoles-laiques-de-reaumont-saint-blaise-du-buis\/evenements\/kermesse-des-ecoles-juin-2024\">pr\u00e9commande sur HelloAsso <\/a>) afin de se restaurer.<\/p>\n\n\n\n<p class=\"has-text-align-center\">Et pour s&rsquo;amuser tout l&rsquo;apr\u00e8s-midi, des stands tenus par nous, parents, seront ouvert <strong>\u00e0 partir de 13h30<\/strong> (<a href=\"https:\/\/www.helloasso.com\/associations\/sou-des-ecoles-laiques-de-reaumont-saint-blaise-du-buis\/evenements\/kermesse-des-ecoles-juin-2024\">bracelet en pr\u00e9vente<\/a>).<\/p>\n\n\n\n<p class=\"has-text-align-center\">Nous vous attendons nombreux pour partager cette belle journ\u00e9e.<\/p>\n\n\n\n<div class=\"wp-block-image\"><figure class=\"aligncenter size-large\"><img loading=\"lazy\" decoding=\"async\" width=\"724\" height=\"1024\" src=\"https:\/\/soureaumontsaintblaise.fr\/wp-content\/uploads\/2024\/05\/FLYR-KERMESSE-724x1024.jpg\" alt=\"\" class=\"wp-image-1151\" srcset=\"https:\/\/soureaumontsaintblaise.fr\/wp-content\/uploads\/2024\/05\/FLYR-KERMESSE-724x1024.jpg 724w, https:\/\/soureaumontsaintblaise.fr\/wp-content\/uploads\/2024\/05\/FLYR-KERMESSE-212x300.jpg 212w, https:\/\/soureaumontsaintblaise.fr\/wp-content\/uploads\/2024\/05\/FLYR-KERMESSE-768x1086.jpg 768w, https:\/\/soureaumontsaintblaise.fr\/wp-content\/uploads\/2024\/05\/FLYR-KERMESSE-1086x1536.jpg 1086w, https:\/\/soureaumontsaintblaise.fr\/wp-content\/uploads\/2024\/05\/FLYR-KERMESSE.jpg 1131w\" sizes=\"auto, (max-width: 724px) 100vw, 724px\" \/><\/figure><\/div>\n","protected":false},"excerpt":{"rendered":"<p>C&rsquo;est le samedi 22 juin que nous nous retrouverons pour passer ensemble une journ\u00e9e festive pour cl\u00f4turer l&rsquo;ann\u00e9e scolaire. Nous pourrons profiter du spectacle de nos enfants d\u00e8s 10h30 \u00e0 la Halle du buis. Des menus adultes et des menus enfants sont pr\u00e9vus \u00e0 la vente (pr\u00e9commande sur HelloAsso ) afin de se restaurer. Et [&hellip;]<\/p>\n","protected":false},"author":1,"featured_media":0,"comment_status":"closed","ping_status":"","sticky":false,"template":"","format":"standard","meta":{"material-hide-sections":[],"footnotes":""},"categories":[1],"tags":[],"class_list":["post-1155","post","type-post","status-publish","format-standard","hentry","category-non-classe"],"_links":{"self":[{"href":"https:\/\/soureaumontsaintblaise.fr\/index.php?rest_route=\/wp\/v2\/posts\/1155","targetHints":{"allow":["GET"]}}],"collection":[{"href":"https:\/\/soureaumontsaintblaise.fr\/index.php?rest_route=\/wp\/v2\/posts"}],"about":[{"href":"https:\/\/soureaumontsaintblaise.fr\/index.php?rest_route=\/wp\/v2\/types\/post"}],"author":[{"embeddable":true,"href":"https:\/\/soureaumontsaintblaise.fr\/index.php?rest_route=\/wp\/v2\/users\/1"}],"replies":[{"embeddable":true,"href":"https:\/\/soureaumontsaintblaise.fr\/index.php?rest_route=%2Fwp%2Fv2%2Fcomments&post=1155"}],"version-history":[{"count":1,"href":"https:\/\/soureaumontsaintblaise.fr\/index.php?rest_route=\/wp\/v2\/posts\/1155\/revisions"}],"predecessor-version":[{"id":1156,"href":"https:\/\/soureaumontsaintblaise.fr\/index.php?rest_route=\/wp\/v2\/posts\/1155\/revisions\/1156"}],"wp:attachment":[{"href":"https:\/\/soureaumontsaintblaise.fr\/index.php?rest_route=%2Fwp%2Fv2%2Fmedia&parent=1155"}],"wp:term":[{"taxonomy":"category","embeddable":true,"href":"https:\/\/soureaumontsaintblaise.fr\/index.php?rest_route=%2Fwp%2Fv2%2Fcategories&post=1155"},{"taxonomy":"post_tag","embeddable":true,"href":"https:\/\/soureaumontsaintblaise.fr\/index.php?rest_route=%2Fwp%2Fv2%2Ftags&post=1155"}],"curies":[{"name":"wp","href":"https:\/\/api.w.org\/{rel}","templated":true}]}}